

{"id":18197,"date":"2016-02-25T16:17:17","date_gmt":"2016-02-25T15:17:17","guid":{"rendered":"http:\/\/www.patentattorneys.ch\/?p=18197"},"modified":"2016-09-13T16:08:56","modified_gmt":"2016-09-13T15:08:56","slug":"laureat-du-prix-svc-suisse-romande","status":"publish","type":"post","link":"https:\/\/www.patentattorneys.ch\/en\/2016\/02\/25\/laureat-du-prix-svc-suisse-romande\/","title":{"rendered":"Winner of the SVC Prize, Suisse Romande, 2014"},"content":{"rendered":"<p>The Swiss Venture Club (SVC)\u00a0is an independent non-profit organisation whose members are persons or companies in the fields of the economy, science,\u00a0politics and culture.\u00a0 The SVC is present throughout Switzerland. Its areas of activity are\u00a0:\u00a0<\/p>\n<ul>\n<li>SVC Prize<\/li>\n<li>SVC Training\u00a0<\/li>\n<li>SVC Finance\u00a0\u00a0<\/li>\n<li>SVC Politics\u00a0<\/li>\n<\/ul>\n<h6>The SVC\u00a0Sport Platform was set up by users for users, the\u00a0SVC created an environment\u00a0that encourages creativity\u00a0and business opportunities and offers an added value to SMEs. SVC&#8217;s activities allow members to establish contacts and strengthen relationships.<\/h6>\n<p>&nbsp;<\/p>\n<p>&nbsp;<\/p>\n","protected":false},"excerpt":{"rendered":"<p>The Swiss Venture Club (SVC)\u00a0is an independent non-profit organisation whose members are persons or companies in the fields of the economy, science,\u00a0politics and culture.\u00a0 The SVC is present throughout Switzerland. Its areas of activity are\u00a0:\u00a0 SVC Prize SVC Training\u00a0 SVC Finance\u00a0\u00a0 SVC Politics\u00a0 The SVC\u00a0Sport Platform was set up by users for users, the\u00a0SVC created an environment\u00a0that encourages creativity\u00a0and business opportunities and offers an added value to SMEs. SVC&#8217;s activities allow members to establish contacts and strengthen relationships. &nbsp; &nbsp;<\/p>\n","protected":false},"author":4,"featured_media":18198,"comment_status":"open","ping_status":"open","sticky":false,"template":"","format":"standard","meta":{"footnotes":""},"categories":[102],"tags":[],"translation":{"provider":"WPGlobus","version":"3.0.2","language":"en","enabled_languages":["fr","de","en","it"],"languages":{"fr":{"title":true,"content":true,"excerpt":false},"de":{"title":true,"content":true,"excerpt":false},"en":{"title":true,"content":true,"excerpt":false},"it":{"title":false,"content":false,"excerpt":false}}},"yoast_head":"<!-- This site is optimized with the Yoast SEO plugin v24.4 - https:\/\/yoast.com\/wordpress\/plugins\/seo\/ -->\n<title>Winner of the SVC Prize, Suisse Romande, 2014 - P&amp;TS Ltd<\/title>\n<meta name=\"robots\" content=\"index, follow, max-snippet:-1, max-image-preview:large, max-video-preview:-1\" \/>\n<link rel=\"canonical\" href=\"https:\/\/www.patentattorneys.ch\/en\/2016\/02\/25\/laureat-du-prix-svc-suisse-romande\/\" \/>\n<meta property=\"og:locale\" content=\"en_US\" \/>\n<meta property=\"og:type\" content=\"article\" \/>\n<meta property=\"og:title\" content=\"Winner of the SVC Prize, Suisse Romande, 2014 - P&amp;TS Ltd\" \/>\n<meta property=\"og:url\" content=\"https:\/\/www.patentattorneys.ch\/en\/2016\/02\/25\/laureat-du-prix-svc-suisse-romande\/\" \/>\n<meta property=\"og:site_name\" content=\"P&amp;TS Ltd\" \/>\n<meta property=\"article:publisher\" content=\"https:\/\/www.facebook.com\/PTS.Ltd\/\" \/>\n<meta property=\"article:published_time\" content=\"2016-02-25T15:17:17+00:00\" \/>\n<meta property=\"article:modified_time\" content=\"2016-09-13T15:08:56+00:00\" \/>\n<meta property=\"og:image\" content=\"https:\/\/www.patentattorneys.ch\/wp-content\/uploads\/2016\/02\/Visuel_IFJ-a.png\" \/>\n\t<meta property=\"og:image:width\" content=\"750\" \/>\n\t<meta property=\"og:image:height\" content=\"300\" \/>\n\t<meta property=\"og:image:type\" content=\"image\/png\" \/>\n<meta name=\"author\" content=\"Christophe Saam\" \/>\n<meta name=\"twitter:card\" content=\"summary_large_image\" \/>\n<meta name=\"twitter:creator\" content=\"@ChristopheSaam\" \/>\n<meta name=\"twitter:site\" content=\"@PTSSA\" \/>\n<meta name=\"twitter:label1\" content=\"Written by\" \/>\n\t<meta name=\"twitter:data1\" content=\"Christophe Saam\" \/>\n\t<meta name=\"twitter:label2\" content=\"Est. reading time\" \/>\n\t<meta name=\"twitter:data2\" content=\"3 minutes\" \/>\n<script type=\"application\/ld+json\" class=\"yoast-schema-graph\">{\"@context\":\"https:\/\/schema.org\",\"@graph\":[{\"@type\":\"Article\",\"@id\":\"https:\/\/www.patentattorneys.ch\/en\/2016\/02\/25\/laureat-du-prix-svc-suisse-romande\/#article\",\"isPartOf\":{\"@id\":\"https:\/\/www.patentattorneys.ch\/en\/2016\/02\/25\/laureat-du-prix-svc-suisse-romande\/\"},\"author\":{\"name\":\"Christophe Saam\",\"@id\":\"https:\/\/www.patentattorneys.ch\/de\/#\/schema\/person\/93673a977e0a7a7f2b542b39a4494ab5\"},\"headline\":\"Winner of the SVC Prize, Suisse Romande, 2014\",\"datePublished\":\"2016-02-25T15:17:17+00:00\",\"dateModified\":\"2016-09-13T15:08:56+00:00\",\"mainEntityOfPage\":{\"@id\":\"https:\/\/www.patentattorneys.ch\/en\/2016\/02\/25\/laureat-du-prix-svc-suisse-romande\/\"},\"wordCount\":677,\"commentCount\":0,\"publisher\":{\"@id\":\"https:\/\/www.patentattorneys.ch\/de\/#organization\"},\"image\":{\"@id\":\"https:\/\/www.patentattorneys.ch\/en\/2016\/02\/25\/laureat-du-prix-svc-suisse-romande\/#primaryimage\"},\"thumbnailUrl\":\"https:\/\/www.patentattorneys.ch\/wp-content\/uploads\/2016\/02\/Visuel_IFJ-a.png\",\"articleSection\":[\"Awards\"],\"inLanguage\":\"en-US\",\"potentialAction\":[{\"@type\":\"CommentAction\",\"name\":\"Comment\",\"target\":[\"https:\/\/www.patentattorneys.ch\/en\/2016\/02\/25\/laureat-du-prix-svc-suisse-romande\/#respond\"]}]},{\"@type\":\"WebPage\",\"@id\":\"https:\/\/www.patentattorneys.ch\/en\/2016\/02\/25\/laureat-du-prix-svc-suisse-romande\/\",\"url\":\"https:\/\/www.patentattorneys.ch\/en\/2016\/02\/25\/laureat-du-prix-svc-suisse-romande\/\",\"name\":\"Winner of the SVC Prize, Suisse Romande, 2014 - P&amp;TS Ltd\",\"isPartOf\":{\"@id\":\"https:\/\/www.patentattorneys.ch\/de\/#website\"},\"primaryImageOfPage\":{\"@id\":\"https:\/\/www.patentattorneys.ch\/en\/2016\/02\/25\/laureat-du-prix-svc-suisse-romande\/#primaryimage\"},\"image\":{\"@id\":\"https:\/\/www.patentattorneys.ch\/en\/2016\/02\/25\/laureat-du-prix-svc-suisse-romande\/#primaryimage\"},\"thumbnailUrl\":\"https:\/\/www.patentattorneys.ch\/wp-content\/uploads\/2016\/02\/Visuel_IFJ-a.png\",\"datePublished\":\"2016-02-25T15:17:17+00:00\",\"dateModified\":\"2016-09-13T15:08:56+00:00\",\"description\":\"P&TS prend la quatri\u00e8me place ex-aequo de ce prix prestigieux qui r\u00e9compense les entreprises les plus dynamiques de Suisse Romande\",\"breadcrumb\":{\"@id\":\"https:\/\/www.patentattorneys.ch\/en\/2016\/02\/25\/laureat-du-prix-svc-suisse-romande\/#breadcrumb\"},\"inLanguage\":\"en-US\",\"potentialAction\":[{\"@type\":\"ReadAction\",\"target\":[\"https:\/\/www.patentattorneys.ch\/en\/2016\/02\/25\/laureat-du-prix-svc-suisse-romande\/\"]}]},{\"@type\":\"ImageObject\",\"inLanguage\":\"en-US\",\"@id\":\"https:\/\/www.patentattorneys.ch\/en\/2016\/02\/25\/laureat-du-prix-svc-suisse-romande\/#primaryimage\",\"url\":\"https:\/\/www.patentattorneys.ch\/wp-content\/uploads\/2016\/02\/Visuel_IFJ-a.png\",\"contentUrl\":\"https:\/\/www.patentattorneys.ch\/wp-content\/uploads\/2016\/02\/Visuel_IFJ-a.png\",\"width\":750,\"height\":300,\"caption\":\"P&TS est laur\u00e9ate du Prix SVC 2014, d\u00e9livr\u00e9 aux soci\u00e9t\u00e9s les plus innovantes de Suisse Romande\"},{\"@type\":\"BreadcrumbList\",\"@id\":\"https:\/\/www.patentattorneys.ch\/en\/2016\/02\/25\/laureat-du-prix-svc-suisse-romande\/#breadcrumb\",\"itemListElement\":[{\"@type\":\"ListItem\",\"position\":1,\"name\":\"Accueil\",\"item\":\"https:\/\/www.patentattorneys.ch\/\"},{\"@type\":\"ListItem\",\"position\":2,\"name\":\"Winner of the SVC Prize, Suisse Romande, 2014\"}]},{\"@type\":\"WebSite\",\"@id\":\"https:\/\/www.patentattorneys.ch\/de\/#website\",\"url\":\"https:\/\/www.patentattorneys.ch\/de\/\",\"name\":\"P&amp;TS Ltd\",\"description\":\"Intellectual Property\",\"publisher\":{\"@id\":\"https:\/\/www.patentattorneys.ch\/de\/#organization\"},\"potentialAction\":[{\"@type\":\"SearchAction\",\"target\":{\"@type\":\"EntryPoint\",\"urlTemplate\":\"https:\/\/www.patentattorneys.ch\/de\/?s={search_term_string}\"},\"query-input\":{\"@type\":\"PropertyValueSpecification\",\"valueRequired\":true,\"valueName\":\"search_term_string\"}}],\"inLanguage\":\"en-US\"},{\"@type\":\"Organization\",\"@id\":\"https:\/\/www.patentattorneys.ch\/de\/#organization\",\"name\":\"P&TS SA\",\"url\":\"https:\/\/www.patentattorneys.ch\/de\/\",\"logo\":{\"@type\":\"ImageObject\",\"inLanguage\":\"en-US\",\"@id\":\"https:\/\/www.patentattorneys.ch\/de\/#\/schema\/logo\/image\/\",\"url\":\"https:\/\/www.patentattorneys.ch\/wp-content\/uploads\/2016\/01\/PTS_Icon.jpg\",\"contentUrl\":\"https:\/\/www.patentattorneys.ch\/wp-content\/uploads\/2016\/01\/PTS_Icon.jpg\",\"width\":512,\"height\":512,\"caption\":\"P&TS SA\"},\"image\":{\"@id\":\"https:\/\/www.patentattorneys.ch\/de\/#\/schema\/logo\/image\/\"},\"sameAs\":[\"https:\/\/www.facebook.com\/PTS.Ltd\/\",\"https:\/\/x.com\/PTSSA\",\"https:\/\/www.linkedin.com\/company\/p&ts-sa\"]},{\"@type\":\"Person\",\"@id\":\"https:\/\/www.patentattorneys.ch\/de\/#\/schema\/person\/93673a977e0a7a7f2b542b39a4494ab5\",\"name\":\"Christophe Saam\",\"image\":{\"@type\":\"ImageObject\",\"inLanguage\":\"en-US\",\"@id\":\"https:\/\/www.patentattorneys.ch\/de\/#\/schema\/person\/image\/\",\"url\":\"https:\/\/secure.gravatar.com\/avatar\/572f38b7f4fda42b382a9a62e1c49bc2?s=96&r=g\",\"contentUrl\":\"https:\/\/secure.gravatar.com\/avatar\/572f38b7f4fda42b382a9a62e1c49bc2?s=96&r=g\",\"caption\":\"Christophe Saam\"},\"description\":\"IP enthusiast Electrical Engineer Swiss Patent Attorney European Patent Attorney Technical Judge at the Swiss Federal Patent Court Founder and CEO of P&amp;TS SA\",\"sameAs\":[\"https:\/\/www.linkedin.com\/in\/christophesaam\/\",\"https:\/\/x.com\/ChristopheSaam\"],\"url\":\"https:\/\/www.patentattorneys.ch\/en\/author\/saam\/\"}]}<\/script>\n<!-- \/ Yoast SEO plugin. -->","yoast_head_json":{"title":"Winner of the SVC Prize, Suisse Romande, 2014 - P&amp;TS Ltd","robots":{"index":"index","follow":"follow","max-snippet":"max-snippet:-1","max-image-preview":"max-image-preview:large","max-video-preview":"max-video-preview:-1"},"canonical":"https:\/\/www.patentattorneys.ch\/en\/2016\/02\/25\/laureat-du-prix-svc-suisse-romande\/","og_locale":"en_US","og_type":"article","og_title":"Winner of the SVC Prize, Suisse Romande, 2014 - P&amp;TS Ltd","og_url":"https:\/\/www.patentattorneys.ch\/en\/2016\/02\/25\/laureat-du-prix-svc-suisse-romande\/","og_site_name":"P&amp;TS Ltd","article_publisher":"https:\/\/www.facebook.com\/PTS.Ltd\/","article_published_time":"2016-02-25T15:17:17+00:00","article_modified_time":"2016-09-13T15:08:56+00:00","og_image":[{"width":750,"height":300,"url":"https:\/\/www.patentattorneys.ch\/wp-content\/uploads\/2016\/02\/Visuel_IFJ-a.png","type":"image\/png"}],"author":"Christophe Saam","twitter_card":"summary_large_image","twitter_creator":"@ChristopheSaam","twitter_site":"@PTSSA","twitter_misc":{"Written by":"Christophe Saam","Est. reading time":"3 minutes"},"schema":{"@context":"https:\/\/schema.org","@graph":[{"@type":"Article","@id":"https:\/\/www.patentattorneys.ch\/en\/2016\/02\/25\/laureat-du-prix-svc-suisse-romande\/#article","isPartOf":{"@id":"https:\/\/www.patentattorneys.ch\/en\/2016\/02\/25\/laureat-du-prix-svc-suisse-romande\/"},"author":{"name":"Christophe Saam","@id":"https:\/\/www.patentattorneys.ch\/de\/#\/schema\/person\/93673a977e0a7a7f2b542b39a4494ab5"},"headline":"Winner of the SVC Prize, Suisse Romande, 2014","datePublished":"2016-02-25T15:17:17+00:00","dateModified":"2016-09-13T15:08:56+00:00","mainEntityOfPage":{"@id":"https:\/\/www.patentattorneys.ch\/en\/2016\/02\/25\/laureat-du-prix-svc-suisse-romande\/"},"wordCount":677,"commentCount":0,"publisher":{"@id":"https:\/\/www.patentattorneys.ch\/de\/#organization"},"image":{"@id":"https:\/\/www.patentattorneys.ch\/en\/2016\/02\/25\/laureat-du-prix-svc-suisse-romande\/#primaryimage"},"thumbnailUrl":"https:\/\/www.patentattorneys.ch\/wp-content\/uploads\/2016\/02\/Visuel_IFJ-a.png","articleSection":["Awards"],"inLanguage":"en-US","potentialAction":[{"@type":"CommentAction","name":"Comment","target":["https:\/\/www.patentattorneys.ch\/en\/2016\/02\/25\/laureat-du-prix-svc-suisse-romande\/#respond"]}]},{"@type":"WebPage","@id":"https:\/\/www.patentattorneys.ch\/en\/2016\/02\/25\/laureat-du-prix-svc-suisse-romande\/","url":"https:\/\/www.patentattorneys.ch\/en\/2016\/02\/25\/laureat-du-prix-svc-suisse-romande\/","name":"Winner of the SVC Prize, Suisse Romande, 2014 - P&amp;TS Ltd","isPartOf":{"@id":"https:\/\/www.patentattorneys.ch\/de\/#website"},"primaryImageOfPage":{"@id":"https:\/\/www.patentattorneys.ch\/en\/2016\/02\/25\/laureat-du-prix-svc-suisse-romande\/#primaryimage"},"image":{"@id":"https:\/\/www.patentattorneys.ch\/en\/2016\/02\/25\/laureat-du-prix-svc-suisse-romande\/#primaryimage"},"thumbnailUrl":"https:\/\/www.patentattorneys.ch\/wp-content\/uploads\/2016\/02\/Visuel_IFJ-a.png","datePublished":"2016-02-25T15:17:17+00:00","dateModified":"2016-09-13T15:08:56+00:00","description":"P&TS prend la quatri\u00e8me place ex-aequo de ce prix prestigieux qui r\u00e9compense les entreprises les plus dynamiques de Suisse Romande","breadcrumb":{"@id":"https:\/\/www.patentattorneys.ch\/en\/2016\/02\/25\/laureat-du-prix-svc-suisse-romande\/#breadcrumb"},"inLanguage":"en-US","potentialAction":[{"@type":"ReadAction","target":["https:\/\/www.patentattorneys.ch\/en\/2016\/02\/25\/laureat-du-prix-svc-suisse-romande\/"]}]},{"@type":"ImageObject","inLanguage":"en-US","@id":"https:\/\/www.patentattorneys.ch\/en\/2016\/02\/25\/laureat-du-prix-svc-suisse-romande\/#primaryimage","url":"https:\/\/www.patentattorneys.ch\/wp-content\/uploads\/2016\/02\/Visuel_IFJ-a.png","contentUrl":"https:\/\/www.patentattorneys.ch\/wp-content\/uploads\/2016\/02\/Visuel_IFJ-a.png","width":750,"height":300,"caption":"P&TS est laur\u00e9ate du Prix SVC 2014, d\u00e9livr\u00e9 aux soci\u00e9t\u00e9s les plus innovantes de Suisse Romande"},{"@type":"BreadcrumbList","@id":"https:\/\/www.patentattorneys.ch\/en\/2016\/02\/25\/laureat-du-prix-svc-suisse-romande\/#breadcrumb","itemListElement":[{"@type":"ListItem","position":1,"name":"Accueil","item":"https:\/\/www.patentattorneys.ch\/"},{"@type":"ListItem","position":2,"name":"Winner of the SVC Prize, Suisse Romande, 2014"}]},{"@type":"WebSite","@id":"https:\/\/www.patentattorneys.ch\/de\/#website","url":"https:\/\/www.patentattorneys.ch\/de\/","name":"P&amp;TS Ltd","description":"Intellectual Property","publisher":{"@id":"https:\/\/www.patentattorneys.ch\/de\/#organization"},"potentialAction":[{"@type":"SearchAction","target":{"@type":"EntryPoint","urlTemplate":"https:\/\/www.patentattorneys.ch\/de\/?s={search_term_string}"},"query-input":{"@type":"PropertyValueSpecification","valueRequired":true,"valueName":"search_term_string"}}],"inLanguage":"en-US"},{"@type":"Organization","@id":"https:\/\/www.patentattorneys.ch\/de\/#organization","name":"P&TS SA","url":"https:\/\/www.patentattorneys.ch\/de\/","logo":{"@type":"ImageObject","inLanguage":"en-US","@id":"https:\/\/www.patentattorneys.ch\/de\/#\/schema\/logo\/image\/","url":"https:\/\/www.patentattorneys.ch\/wp-content\/uploads\/2016\/01\/PTS_Icon.jpg","contentUrl":"https:\/\/www.patentattorneys.ch\/wp-content\/uploads\/2016\/01\/PTS_Icon.jpg","width":512,"height":512,"caption":"P&TS SA"},"image":{"@id":"https:\/\/www.patentattorneys.ch\/de\/#\/schema\/logo\/image\/"},"sameAs":["https:\/\/www.facebook.com\/PTS.Ltd\/","https:\/\/x.com\/PTSSA","https:\/\/www.linkedin.com\/company\/p&ts-sa"]},{"@type":"Person","@id":"https:\/\/www.patentattorneys.ch\/de\/#\/schema\/person\/93673a977e0a7a7f2b542b39a4494ab5","name":"Christophe Saam","image":{"@type":"ImageObject","inLanguage":"en-US","@id":"https:\/\/www.patentattorneys.ch\/de\/#\/schema\/person\/image\/","url":"https:\/\/secure.gravatar.com\/avatar\/572f38b7f4fda42b382a9a62e1c49bc2?s=96&r=g","contentUrl":"https:\/\/secure.gravatar.com\/avatar\/572f38b7f4fda42b382a9a62e1c49bc2?s=96&r=g","caption":"Christophe Saam"},"description":"IP enthusiast Electrical Engineer Swiss Patent Attorney European Patent Attorney Technical Judge at the Swiss Federal Patent Court Founder and CEO of P&amp;TS SA","sameAs":["https:\/\/www.linkedin.com\/in\/christophesaam\/","https:\/\/x.com\/ChristopheSaam"],"url":"https:\/\/www.patentattorneys.ch\/en\/author\/saam\/"}]}},"_links":{"self":[{"href":"https:\/\/www.patentattorneys.ch\/en\/wp-json\/wp\/v2\/posts\/18197"}],"collection":[{"href":"https:\/\/www.patentattorneys.ch\/en\/wp-json\/wp\/v2\/posts"}],"about":[{"href":"https:\/\/www.patentattorneys.ch\/en\/wp-json\/wp\/v2\/types\/post"}],"author":[{"embeddable":true,"href":"https:\/\/www.patentattorneys.ch\/en\/wp-json\/wp\/v2\/users\/4"}],"replies":[{"embeddable":true,"href":"https:\/\/www.patentattorneys.ch\/en\/wp-json\/wp\/v2\/comments?post=18197"}],"version-history":[{"count":12,"href":"https:\/\/www.patentattorneys.ch\/en\/wp-json\/wp\/v2\/posts\/18197\/revisions"}],"predecessor-version":[{"id":21272,"href":"https:\/\/www.patentattorneys.ch\/en\/wp-json\/wp\/v2\/posts\/18197\/revisions\/21272"}],"wp:featuredmedia":[{"embeddable":true,"href":"https:\/\/www.patentattorneys.ch\/en\/wp-json\/wp\/v2\/media\/18198"}],"wp:attachment":[{"href":"https:\/\/www.patentattorneys.ch\/en\/wp-json\/wp\/v2\/media?parent=18197"}],"wp:term":[{"taxonomy":"category","embeddable":true,"href":"https:\/\/www.patentattorneys.ch\/en\/wp-json\/wp\/v2\/categories?post=18197"},{"taxonomy":"post_tag","embeddable":true,"href":"https:\/\/www.patentattorneys.ch\/en\/wp-json\/wp\/v2\/tags?post=18197"}],"curies":[{"name":"wp","href":"https:\/\/api.w.org\/{rel}","templated":true}]}}