

{"id":35841,"date":"2026-04-28T07:25:39","date_gmt":"2026-04-28T06:25:39","guid":{"rendered":"https:\/\/www.patentattorneys.ch\/?p=35841"},"modified":"2026-04-07T08:35:50","modified_gmt":"2026-04-07T07:35:50","slug":"exceptional-closure-labour-day-may-1st","status":"publish","type":"post","link":"https:\/\/www.patentattorneys.ch\/en\/2026\/04\/28\/exceptional-closure-labour-day-may-1st\/","title":{"rendered":"Exceptional Closure \u2013 Labour Day (May 1st)"},"content":{"rendered":"<p class=\"isSelectedEnd\">On the occasion of <strong>Labour Day<\/strong>, our offices in <strong>Neuch\u00e2tel<\/strong> and <strong>Zurich<\/strong> will be closed on <strong>May 1st<\/strong>.<\/p>\n<p class=\"isSelectedEnd\">We will resume normal operations on the next working day.<\/p>\n<p>Thank you for your understanding, and we wish you a wonderful <strong>Labour Day!<\/strong><\/p>\n","protected":false},"excerpt":{"rendered":"<p>On the occasion of Labour Day, our offices in Neuch\u00e2tel and Zurich will be closed on May 1st. We will resume normal operations on the next working day. Thank you for your understanding, and we wish you a wonderful Labour Day!<\/p>\n","protected":false},"author":9,"featured_media":35842,"comment_status":"open","ping_status":"open","sticky":false,"template":"","format":"standard","meta":{"footnotes":""},"categories":[101],"tags":[],"translation":{"provider":"WPGlobus","version":"3.0.2","language":"en","enabled_languages":["fr","de","en","it"],"languages":{"fr":{"title":true,"content":true,"excerpt":false},"de":{"title":true,"content":true,"excerpt":false},"en":{"title":true,"content":true,"excerpt":false},"it":{"title":false,"content":false,"excerpt":false}}},"yoast_head":"<!-- This site is optimized with the Yoast SEO plugin v24.4 - https:\/\/yoast.com\/wordpress\/plugins\/seo\/ -->\n<title>Exceptional Closure \u2013 Labour Day (May 1st) - P&amp;TS Ltd<\/title>\n<meta name=\"robots\" content=\"index, follow, max-snippet:-1, max-image-preview:large, max-video-preview:-1\" \/>\n<link rel=\"canonical\" href=\"https:\/\/www.patentattorneys.ch\/2026\/04\/28\/exceptional-closure-labour-day-may-1st\/\" \/>\n<meta property=\"og:locale\" content=\"en_US\" \/>\n<meta property=\"og:type\" content=\"article\" \/>\n<meta property=\"og:title\" content=\"Exceptional Closure \u2013 Labour Day (May 1st) - P&amp;TS Ltd\" \/>\n<meta property=\"og:url\" content=\"https:\/\/www.patentattorneys.ch\/2026\/04\/28\/exceptional-closure-labour-day-may-1st\/\" \/>\n<meta property=\"og:site_name\" content=\"P&amp;TS Ltd\" \/>\n<meta property=\"article:publisher\" content=\"https:\/\/www.facebook.com\/PTS.Ltd\/\" \/>\n<meta property=\"article:published_time\" content=\"2026-04-28T06:25:39+00:00\" \/>\n<meta property=\"og:image\" content=\"https:\/\/www.patentattorneys.ch\/wp-content\/uploads\/2026\/04\/labour-day-pts-2026.png\" \/>\n\t<meta property=\"og:image:width\" content=\"1000\" \/>\n\t<meta property=\"og:image:height\" content=\"1000\" \/>\n\t<meta property=\"og:image:type\" content=\"image\/png\" \/>\n<meta name=\"author\" content=\"Bryan Oteiza\" \/>\n<meta name=\"twitter:card\" content=\"summary_large_image\" \/>\n<meta name=\"twitter:creator\" content=\"@PTSSA\" \/>\n<meta name=\"twitter:site\" content=\"@PTSSA\" \/>\n<meta name=\"twitter:label1\" content=\"Written by\" \/>\n\t<meta name=\"twitter:data1\" content=\"Bryan Oteiza\" \/>\n\t<meta name=\"twitter:label2\" content=\"Est. reading time\" \/>\n\t<meta name=\"twitter:data2\" content=\"1 minute\" \/>\n<script type=\"application\/ld+json\" class=\"yoast-schema-graph\">{\"@context\":\"https:\/\/schema.org\",\"@graph\":[{\"@type\":\"Article\",\"@id\":\"https:\/\/www.patentattorneys.ch\/2026\/04\/28\/exceptional-closure-labour-day-may-1st\/#article\",\"isPartOf\":{\"@id\":\"https:\/\/www.patentattorneys.ch\/2026\/04\/28\/exceptional-closure-labour-day-may-1st\/\"},\"author\":{\"name\":\"Bryan Oteiza\",\"@id\":\"https:\/\/www.patentattorneys.ch\/de\/#\/schema\/person\/baa0679210d63e848a6c2787054aece2\"},\"headline\":\"Exceptional Closure \u2013 Labour Day (May 1st)\",\"datePublished\":\"2026-04-28T06:25:39+00:00\",\"mainEntityOfPage\":{\"@id\":\"https:\/\/www.patentattorneys.ch\/2026\/04\/28\/exceptional-closure-labour-day-may-1st\/\"},\"wordCount\":173,\"commentCount\":0,\"publisher\":{\"@id\":\"https:\/\/www.patentattorneys.ch\/de\/#organization\"},\"image\":{\"@id\":\"https:\/\/www.patentattorneys.ch\/2026\/04\/28\/exceptional-closure-labour-day-may-1st\/#primaryimage\"},\"thumbnailUrl\":\"https:\/\/www.patentattorneys.ch\/wp-content\/uploads\/2026\/04\/labour-day-pts-2026.png\",\"articleSection\":[\"News\"],\"inLanguage\":\"en-US\",\"potentialAction\":[{\"@type\":\"CommentAction\",\"name\":\"Comment\",\"target\":[\"https:\/\/www.patentattorneys.ch\/2026\/04\/28\/exceptional-closure-labour-day-may-1st\/#respond\"]}]},{\"@type\":\"WebPage\",\"@id\":\"https:\/\/www.patentattorneys.ch\/2026\/04\/28\/exceptional-closure-labour-day-may-1st\/\",\"url\":\"https:\/\/www.patentattorneys.ch\/2026\/04\/28\/exceptional-closure-labour-day-may-1st\/\",\"name\":\"Exceptional Closure \u2013 Labour Day (May 1st) - P&amp;TS Ltd\",\"isPartOf\":{\"@id\":\"https:\/\/www.patentattorneys.ch\/de\/#website\"},\"primaryImageOfPage\":{\"@id\":\"https:\/\/www.patentattorneys.ch\/2026\/04\/28\/exceptional-closure-labour-day-may-1st\/#primaryimage\"},\"image\":{\"@id\":\"https:\/\/www.patentattorneys.ch\/2026\/04\/28\/exceptional-closure-labour-day-may-1st\/#primaryimage\"},\"thumbnailUrl\":\"https:\/\/www.patentattorneys.ch\/wp-content\/uploads\/2026\/04\/labour-day-pts-2026.png\",\"datePublished\":\"2026-04-28T06:25:39+00:00\",\"description\":\"{:fr}\u00c0 l\u2019occasion de la F\u00eate du Travail, nos bureaux de Neuch\u00e2tel et Z\u00fcrich seront exceptionnellement ferm\u00e9s le 1er mai. Nous reprendrons nos activit\u00e9s\",\"breadcrumb\":{\"@id\":\"https:\/\/www.patentattorneys.ch\/2026\/04\/28\/exceptional-closure-labour-day-may-1st\/#breadcrumb\"},\"inLanguage\":\"en-US\",\"potentialAction\":[{\"@type\":\"ReadAction\",\"target\":[\"https:\/\/www.patentattorneys.ch\/2026\/04\/28\/exceptional-closure-labour-day-may-1st\/\"]}]},{\"@type\":\"ImageObject\",\"inLanguage\":\"en-US\",\"@id\":\"https:\/\/www.patentattorneys.ch\/2026\/04\/28\/exceptional-closure-labour-day-may-1st\/#primaryimage\",\"url\":\"https:\/\/www.patentattorneys.ch\/wp-content\/uploads\/2026\/04\/labour-day-pts-2026.png\",\"contentUrl\":\"https:\/\/www.patentattorneys.ch\/wp-content\/uploads\/2026\/04\/labour-day-pts-2026.png\",\"width\":1000,\"height\":1000,\"caption\":\"1 may labour day\"},{\"@type\":\"BreadcrumbList\",\"@id\":\"https:\/\/www.patentattorneys.ch\/2026\/04\/28\/exceptional-closure-labour-day-may-1st\/#breadcrumb\",\"itemListElement\":[{\"@type\":\"ListItem\",\"position\":1,\"name\":\"Accueil\",\"item\":\"https:\/\/www.patentattorneys.ch\/\"},{\"@type\":\"ListItem\",\"position\":2,\"name\":\"1er Mai f\u00e9ri\u00e9 \u2013 F\u00eate du Travail (1er mai)\"}]},{\"@type\":\"WebSite\",\"@id\":\"https:\/\/www.patentattorneys.ch\/de\/#website\",\"url\":\"https:\/\/www.patentattorneys.ch\/de\/\",\"name\":\"P&amp;TS Ltd\",\"description\":\"Intellectual Property\",\"publisher\":{\"@id\":\"https:\/\/www.patentattorneys.ch\/de\/#organization\"},\"potentialAction\":[{\"@type\":\"SearchAction\",\"target\":{\"@type\":\"EntryPoint\",\"urlTemplate\":\"https:\/\/www.patentattorneys.ch\/de\/?s={search_term_string}\"},\"query-input\":{\"@type\":\"PropertyValueSpecification\",\"valueRequired\":true,\"valueName\":\"search_term_string\"}}],\"inLanguage\":\"en-US\"},{\"@type\":\"Organization\",\"@id\":\"https:\/\/www.patentattorneys.ch\/de\/#organization\",\"name\":\"P&TS SA\",\"url\":\"https:\/\/www.patentattorneys.ch\/de\/\",\"logo\":{\"@type\":\"ImageObject\",\"inLanguage\":\"en-US\",\"@id\":\"https:\/\/www.patentattorneys.ch\/de\/#\/schema\/logo\/image\/\",\"url\":\"https:\/\/www.patentattorneys.ch\/wp-content\/uploads\/2016\/01\/PTS_Icon.jpg\",\"contentUrl\":\"https:\/\/www.patentattorneys.ch\/wp-content\/uploads\/2016\/01\/PTS_Icon.jpg\",\"width\":512,\"height\":512,\"caption\":\"P&TS SA\"},\"image\":{\"@id\":\"https:\/\/www.patentattorneys.ch\/de\/#\/schema\/logo\/image\/\"},\"sameAs\":[\"https:\/\/www.facebook.com\/PTS.Ltd\/\",\"https:\/\/x.com\/PTSSA\",\"https:\/\/www.linkedin.com\/company\/p&ts-sa\"]},{\"@type\":\"Person\",\"@id\":\"https:\/\/www.patentattorneys.ch\/de\/#\/schema\/person\/baa0679210d63e848a6c2787054aece2\",\"name\":\"Bryan Oteiza\",\"image\":{\"@type\":\"ImageObject\",\"inLanguage\":\"en-US\",\"@id\":\"https:\/\/www.patentattorneys.ch\/de\/#\/schema\/person\/image\/\",\"url\":\"https:\/\/secure.gravatar.com\/avatar\/bebb054b323f73e8f30b62af93d102e7?s=96&r=g\",\"contentUrl\":\"https:\/\/secure.gravatar.com\/avatar\/bebb054b323f73e8f30b62af93d102e7?s=96&r=g\",\"caption\":\"Bryan Oteiza\"},\"url\":\"https:\/\/www.patentattorneys.ch\/en\/author\/oteiza\/\"}]}<\/script>\n<!-- \/ Yoast SEO plugin. -->","yoast_head_json":{"title":"Exceptional Closure \u2013 Labour Day (May 1st) - P&amp;TS Ltd","robots":{"index":"index","follow":"follow","max-snippet":"max-snippet:-1","max-image-preview":"max-image-preview:large","max-video-preview":"max-video-preview:-1"},"canonical":"https:\/\/www.patentattorneys.ch\/2026\/04\/28\/exceptional-closure-labour-day-may-1st\/","og_locale":"en_US","og_type":"article","og_title":"Exceptional Closure \u2013 Labour Day (May 1st) - P&amp;TS Ltd","og_url":"https:\/\/www.patentattorneys.ch\/2026\/04\/28\/exceptional-closure-labour-day-may-1st\/","og_site_name":"P&amp;TS Ltd","article_publisher":"https:\/\/www.facebook.com\/PTS.Ltd\/","article_published_time":"2026-04-28T06:25:39+00:00","og_image":[{"width":1000,"height":1000,"url":"https:\/\/www.patentattorneys.ch\/wp-content\/uploads\/2026\/04\/labour-day-pts-2026.png","type":"image\/png"}],"author":"Bryan Oteiza","twitter_card":"summary_large_image","twitter_creator":"@PTSSA","twitter_site":"@PTSSA","twitter_misc":{"Written by":"Bryan Oteiza","Est. reading time":"1 minute"},"schema":{"@context":"https:\/\/schema.org","@graph":[{"@type":"Article","@id":"https:\/\/www.patentattorneys.ch\/2026\/04\/28\/exceptional-closure-labour-day-may-1st\/#article","isPartOf":{"@id":"https:\/\/www.patentattorneys.ch\/2026\/04\/28\/exceptional-closure-labour-day-may-1st\/"},"author":{"name":"Bryan Oteiza","@id":"https:\/\/www.patentattorneys.ch\/de\/#\/schema\/person\/baa0679210d63e848a6c2787054aece2"},"headline":"Exceptional Closure \u2013 Labour Day (May 1st)","datePublished":"2026-04-28T06:25:39+00:00","mainEntityOfPage":{"@id":"https:\/\/www.patentattorneys.ch\/2026\/04\/28\/exceptional-closure-labour-day-may-1st\/"},"wordCount":173,"commentCount":0,"publisher":{"@id":"https:\/\/www.patentattorneys.ch\/de\/#organization"},"image":{"@id":"https:\/\/www.patentattorneys.ch\/2026\/04\/28\/exceptional-closure-labour-day-may-1st\/#primaryimage"},"thumbnailUrl":"https:\/\/www.patentattorneys.ch\/wp-content\/uploads\/2026\/04\/labour-day-pts-2026.png","articleSection":["News"],"inLanguage":"en-US","potentialAction":[{"@type":"CommentAction","name":"Comment","target":["https:\/\/www.patentattorneys.ch\/2026\/04\/28\/exceptional-closure-labour-day-may-1st\/#respond"]}]},{"@type":"WebPage","@id":"https:\/\/www.patentattorneys.ch\/2026\/04\/28\/exceptional-closure-labour-day-may-1st\/","url":"https:\/\/www.patentattorneys.ch\/2026\/04\/28\/exceptional-closure-labour-day-may-1st\/","name":"Exceptional Closure \u2013 Labour Day (May 1st) - P&amp;TS Ltd","isPartOf":{"@id":"https:\/\/www.patentattorneys.ch\/de\/#website"},"primaryImageOfPage":{"@id":"https:\/\/www.patentattorneys.ch\/2026\/04\/28\/exceptional-closure-labour-day-may-1st\/#primaryimage"},"image":{"@id":"https:\/\/www.patentattorneys.ch\/2026\/04\/28\/exceptional-closure-labour-day-may-1st\/#primaryimage"},"thumbnailUrl":"https:\/\/www.patentattorneys.ch\/wp-content\/uploads\/2026\/04\/labour-day-pts-2026.png","datePublished":"2026-04-28T06:25:39+00:00","description":"{:fr}\u00c0 l\u2019occasion de la F\u00eate du Travail, nos bureaux de Neuch\u00e2tel et Z\u00fcrich seront exceptionnellement ferm\u00e9s le 1er mai. Nous reprendrons nos activit\u00e9s","breadcrumb":{"@id":"https:\/\/www.patentattorneys.ch\/2026\/04\/28\/exceptional-closure-labour-day-may-1st\/#breadcrumb"},"inLanguage":"en-US","potentialAction":[{"@type":"ReadAction","target":["https:\/\/www.patentattorneys.ch\/2026\/04\/28\/exceptional-closure-labour-day-may-1st\/"]}]},{"@type":"ImageObject","inLanguage":"en-US","@id":"https:\/\/www.patentattorneys.ch\/2026\/04\/28\/exceptional-closure-labour-day-may-1st\/#primaryimage","url":"https:\/\/www.patentattorneys.ch\/wp-content\/uploads\/2026\/04\/labour-day-pts-2026.png","contentUrl":"https:\/\/www.patentattorneys.ch\/wp-content\/uploads\/2026\/04\/labour-day-pts-2026.png","width":1000,"height":1000,"caption":"1 may labour day"},{"@type":"BreadcrumbList","@id":"https:\/\/www.patentattorneys.ch\/2026\/04\/28\/exceptional-closure-labour-day-may-1st\/#breadcrumb","itemListElement":[{"@type":"ListItem","position":1,"name":"Accueil","item":"https:\/\/www.patentattorneys.ch\/"},{"@type":"ListItem","position":2,"name":"1er Mai f\u00e9ri\u00e9 \u2013 F\u00eate du Travail (1er mai)"}]},{"@type":"WebSite","@id":"https:\/\/www.patentattorneys.ch\/de\/#website","url":"https:\/\/www.patentattorneys.ch\/de\/","name":"P&amp;TS Ltd","description":"Intellectual Property","publisher":{"@id":"https:\/\/www.patentattorneys.ch\/de\/#organization"},"potentialAction":[{"@type":"SearchAction","target":{"@type":"EntryPoint","urlTemplate":"https:\/\/www.patentattorneys.ch\/de\/?s={search_term_string}"},"query-input":{"@type":"PropertyValueSpecification","valueRequired":true,"valueName":"search_term_string"}}],"inLanguage":"en-US"},{"@type":"Organization","@id":"https:\/\/www.patentattorneys.ch\/de\/#organization","name":"P&TS SA","url":"https:\/\/www.patentattorneys.ch\/de\/","logo":{"@type":"ImageObject","inLanguage":"en-US","@id":"https:\/\/www.patentattorneys.ch\/de\/#\/schema\/logo\/image\/","url":"https:\/\/www.patentattorneys.ch\/wp-content\/uploads\/2016\/01\/PTS_Icon.jpg","contentUrl":"https:\/\/www.patentattorneys.ch\/wp-content\/uploads\/2016\/01\/PTS_Icon.jpg","width":512,"height":512,"caption":"P&TS SA"},"image":{"@id":"https:\/\/www.patentattorneys.ch\/de\/#\/schema\/logo\/image\/"},"sameAs":["https:\/\/www.facebook.com\/PTS.Ltd\/","https:\/\/x.com\/PTSSA","https:\/\/www.linkedin.com\/company\/p&ts-sa"]},{"@type":"Person","@id":"https:\/\/www.patentattorneys.ch\/de\/#\/schema\/person\/baa0679210d63e848a6c2787054aece2","name":"Bryan Oteiza","image":{"@type":"ImageObject","inLanguage":"en-US","@id":"https:\/\/www.patentattorneys.ch\/de\/#\/schema\/person\/image\/","url":"https:\/\/secure.gravatar.com\/avatar\/bebb054b323f73e8f30b62af93d102e7?s=96&r=g","contentUrl":"https:\/\/secure.gravatar.com\/avatar\/bebb054b323f73e8f30b62af93d102e7?s=96&r=g","caption":"Bryan Oteiza"},"url":"https:\/\/www.patentattorneys.ch\/en\/author\/oteiza\/"}]}},"_links":{"self":[{"href":"https:\/\/www.patentattorneys.ch\/en\/wp-json\/wp\/v2\/posts\/35841"}],"collection":[{"href":"https:\/\/www.patentattorneys.ch\/en\/wp-json\/wp\/v2\/posts"}],"about":[{"href":"https:\/\/www.patentattorneys.ch\/en\/wp-json\/wp\/v2\/types\/post"}],"author":[{"embeddable":true,"href":"https:\/\/www.patentattorneys.ch\/en\/wp-json\/wp\/v2\/users\/9"}],"replies":[{"embeddable":true,"href":"https:\/\/www.patentattorneys.ch\/en\/wp-json\/wp\/v2\/comments?post=35841"}],"version-history":[{"count":3,"href":"https:\/\/www.patentattorneys.ch\/en\/wp-json\/wp\/v2\/posts\/35841\/revisions"}],"predecessor-version":[{"id":35845,"href":"https:\/\/www.patentattorneys.ch\/en\/wp-json\/wp\/v2\/posts\/35841\/revisions\/35845"}],"wp:featuredmedia":[{"embeddable":true,"href":"https:\/\/www.patentattorneys.ch\/en\/wp-json\/wp\/v2\/media\/35842"}],"wp:attachment":[{"href":"https:\/\/www.patentattorneys.ch\/en\/wp-json\/wp\/v2\/media?parent=35841"}],"wp:term":[{"taxonomy":"category","embeddable":true,"href":"https:\/\/www.patentattorneys.ch\/en\/wp-json\/wp\/v2\/categories?post=35841"},{"taxonomy":"post_tag","embeddable":true,"href":"https:\/\/www.patentattorneys.ch\/en\/wp-json\/wp\/v2\/tags?post=35841"}],"curies":[{"name":"wp","href":"https:\/\/api.w.org\/{rel}","templated":true}]}}